[{"@context":"https:\/\/schema.org\/","@type":"Article","@id":"https:\/\/www.os-onyx.cz\/a-jake-si-vyberete-prave-vy\/#Article","mainEntityOfPage":"https:\/\/www.os-onyx.cz\/a-jake-si-vyberete-prave-vy\/","headline":"A jak\u00e9 si vyberete pr\u00e1v\u011b vy?","name":"A jak\u00e9 si vyberete pr\u00e1v\u011b vy?","description":"O \u010dem je tedy konkr\u00e9tn\u011b \u0159e\u010d? Samoz\u0159ejm\u011b o spole\u010densk\u00fdch ud\u00e1lostech, tak\u017ee se t\u011b\u0161te na plesy, &hellip; ","datePublished":"2020-11-25","dateModified":"2020-11-25","author":{"@type":"Person","@id":"https:\/\/www.os-onyx.cz\/author\/devene\/#Person","name":"devene","url":"https:\/\/www.os-onyx.cz\/author\/devene\/","identifier":1,"image":{"@type":"ImageObject","@id":"https:\/\/secure.gravatar.com\/avatar\/046c8368865b87ac6ea06cde0e0a80b91304a43fe31de210702ad59bbd9a1974?s=96&d=mm&r=g","url":"https:\/\/secure.gravatar.com\/avatar\/046c8368865b87ac6ea06cde0e0a80b91304a43fe31de210702ad59bbd9a1974?s=96&d=mm&r=g","height":96,"width":96}},"publisher":{"@type":"Organization","name":"os-onyx.cz","logo":{"@type":"ImageObject","@id":"\/logo.png","url":"\/logo.png","width":600,"height":60}},"url":"https:\/\/www.os-onyx.cz\/a-jake-si-vyberete-prave-vy\/","about":["IT"],"wordCount":449,"articleBody":"         O \u010dem je tedy konkr\u00e9tn\u011b \u0159e\u010d? Samoz\u0159ejm\u011b o spole\u010densk\u00fdch ud\u00e1lostech, tak\u017ee se t\u011b\u0161te na plesy, ale tak\u00e9 na r\u016fzn\u00e9 oslavy narozenin ve velk\u00e9m stylu, svatby \u010di kulat\u00e9 v\u00fdro\u010d\u00ed. V\u0161echny tyto ud\u00e1losti a je\u0161t\u011b mnoh\u00e9 dal\u0161\u00ed, mezi kter\u00e9 je\u0161t\u011b m\u016f\u017eeme zm\u00ednit nap\u0159\u00edklad firemn\u00ed ve\u010d\u00edrky, b\u00e1ly nebo n\u00e1v\u0161t\u011bvy vysoce postaven\u00fdch divadel si tak\u00e9 zaslou\u017e\u00ed, abyste m\u011bly jako d\u00e1my pat\u0159i\u010dnou garderobu. Co se t\u00edm tedy mysl\u00ed? Samoz\u0159ejm\u011b \u0161aty dle va\u0161eho v\u00fdb\u011bru, kter\u00e9 budou n\u00e1dhern\u00e9 a vkusn\u00e9 abyste z\u00e1\u0159ila kamkoliv p\u016fjdete.K t\u011bmto d\u016fle\u017eit\u00fdm \u0161at\u016fm,kter\u00e9 jist\u011b budou na prvn\u00ed pohled nep\u0159ehl\u00e9dnuteln\u00e9, co\u017e \u0161aty samoz\u0159ejm\u011b maj\u00ed b\u00fdt, i kdy\u017e jsou to jenom koktejly na noblesn\u00ed ve\u010de\u0159i \u010di velice luxusn\u00ed a stylov\u00e9 na ples, kde si toho m\u016f\u017eete dovolit opravdu hodn\u011b, nebo jenom jednoduch\u00e9 a hezky lad\u011bn\u00e9 do \u0161at\u016f dru\u017ei\u010dek kdy\u017e jdete na svatbu, v\u0161ak mus\u00ed zdobit je\u0161t\u011b jedna mali\u010dkost. Nesm\u00edme zapom\u00ednat na kabelky psan\u00ed\u010dka. Ty jsou velice d\u016fle\u017eit\u00e9 a to pro ka\u017edou d\u00e1mu. Ke kr\u00e1sn\u00e9mu od\u011bvu pat\u0159\u00ed tak\u00e9 tento mal\u00fd a elegantn\u00ed dopln\u011bk, kter\u00fd je velice podstatn\u00fd. Jist\u011b jej budete cht\u00edt skloubit s barvou va\u0161eho oble\u010den\u00ed, \u010di je\u0161t\u011b l\u00e9pe, mo\u017en\u00e1 jej budete ladit s boty.  Nezkaz\u00edte nic snad \u017e\u00e1dnou barvou 1. Typick\u00e1 je sv\u011btl\u00e1, tak\u017ee se snad ke v\u0161emu hod\u00ed kr\u00e1sn\u00e1 b\u00edla s lehk\u00fdmi dopl\u0148ky nebo z ekologick\u00e9 k\u016f\u017ee \u010di s drobn\u00fdmi kam\u00ednky, nebo ka\u0161m\u00edrov\u00e1 \u010di vysoce elegantn\u00ed a k jak\u00fdmkoliv \u0161at\u016fm \u010di bot\u00e1m velice p\u016fvabn\u00e1 \u010dern\u00e1, u kter\u00e9 se \u0159\u00edk\u00e1, \u017ee touto barvou nikdy nic nezkaz\u00edte.  2. M\u00e1me v\u0161ak na v\u00fdb\u011br i z mnoha r\u016fzn\u00fdch jin\u00fdch odst\u00edn\u016f od v\u00ednov\u00e9 a\u017e p\u0159es r\u016f\u017eovou, fialovou, \u010dervenou, v podob\u011b sat\u00e9nov\u00e9 verze nebo lurexov\u00e9. Mnoho druh\u016f na v\u00fdb\u011br v\u00e1m zajist\u00ed, \u017ee se s ur\u010ditost\u00ed toto psan\u00ed\u010dko bude hodit k va\u0161im n\u00e1dhern\u00fdm \u0161at\u016fm. Stejn\u011b tak jako p\u0159en\u00e1dhern\u00e9 kv\u011btiny jsou i \u017eeny velice p\u016fvabn\u00e9, kdy\u017e slad\u00ed v\u0161echny dopl\u0148ky, kter\u00e9 pak utvo\u0159\u00ed ten n\u00e1dhern\u00fd celek. Po\u0159i\u010fte si i vy k \u0161at\u016fm to prav\u00e9, co v\u00e1m nikdy p\u0159i ruce nesm\u00ed chyb\u011bt. \u017den\u00e1m kabelky a psan\u00ed\u010dka zkr\u00e1tka dod\u00e1vaj\u00ed styl, ale tak\u00e9 eleganci a p\u016fvab.                                                                                                                                                                                                                                                                                                                                                                                          4.2\/5 - (9 votes)        "},{"@context":"https:\/\/schema.org\/","@type":"BreadcrumbList","itemListElement":[{"@type":"ListItem","position":1,"name":"A jak\u00e9 si vyberete pr\u00e1v\u011b vy?","item":"https:\/\/www.os-onyx.cz\/a-jake-si-vyberete-prave-vy\/#breadcrumbitem"}]}]