[{"@context":"https:\/\/schema.org\/","@type":"Article","@id":"https:\/\/www.os-onyx.cz\/a-leto-bude-v-chladu\/#Article","mainEntityOfPage":"https:\/\/www.os-onyx.cz\/a-leto-bude-v-chladu\/","headline":"A l\u00e9to bude v chladu","name":"A l\u00e9to bude v chladu","description":"Pokud nesn\u00e1\u0161\u00edte letn\u00ed vedra, asi jste schopni ud\u011blat prvn\u00ed posledn\u00ed, abyste se jim alespo\u0148 v &hellip; ","datePublished":"2020-10-19","dateModified":"2020-10-19","author":{"@type":"Person","@id":"https:\/\/www.os-onyx.cz\/author\/devene\/#Person","name":"devene","url":"https:\/\/www.os-onyx.cz\/author\/devene\/","identifier":1,"image":{"@type":"ImageObject","@id":"https:\/\/secure.gravatar.com\/avatar\/046c8368865b87ac6ea06cde0e0a80b91304a43fe31de210702ad59bbd9a1974?s=96&d=mm&r=g","url":"https:\/\/secure.gravatar.com\/avatar\/046c8368865b87ac6ea06cde0e0a80b91304a43fe31de210702ad59bbd9a1974?s=96&d=mm&r=g","height":96,"width":96}},"publisher":{"@type":"Organization","name":"os-onyx.cz","logo":{"@type":"ImageObject","@id":"\/logo.png","url":"\/logo.png","width":600,"height":60}},"image":{"@type":"ImageObject","@id":"https:\/\/www.os-onyx.cz\/wp-content\/uploads\/Klimatizace%20v%20tov%C3%A1rn%C4%9B.jpg","url":"https:\/\/www.os-onyx.cz\/wp-content\/uploads\/Klimatizace%20v%20tov%C3%A1rn%C4%9B.jpg","height":0,"width":0},"url":"https:\/\/www.os-onyx.cz\/a-leto-bude-v-chladu\/","about":["Zbo\u017e\u00ed"],"wordCount":467,"articleBody":"   Pokud nesn\u00e1\u0161\u00edte letn\u00ed vedra, asi jste schopni ud\u011blat prvn\u00ed posledn\u00ed, abyste se jim alespo\u0148 v dom\u00e1c\u00edch podm\u00ednk\u00e1ch vyhnuli. Existuje p\u00e1r trik\u016f.A l\u00e9to bude v chladuSice leto\u0161n\u00ed letn\u00ed pr\u00e1zdniny alespo\u0148 ve sv\u00e9 prvn\u00ed polovin\u011b byly docela chladn\u00e9, ale ty minul\u00e9, p\u0159edminul\u00e9 a ty je\u0161t\u011b p\u0159ed nimi byly opravdu extr\u00e9mn\u011b hork\u00e9. Takov\u00e1 vedra u n\u00e1s nebyla dlouho. Probl\u00e9m ale nebylo pouze vedro samotn\u00e9, ale hlavn\u011b d\u00e9lka jeho trv\u00e1n\u00ed. Tropick\u00e9 dny a noci tu trvaly klidn\u011b i n\u011bkolik t\u00fddn\u016f bez p\u0159est\u00e1n\u00ed, co\u017e byl u\u017e extr\u00e9m i pro zap\u0159is\u00e1hl\u00e9 milovn\u00edk hork\u00e9ho po\u010das\u00ed. Vedra ov\u0161em nejsou pouze nep\u0159\u00edjemn\u00e1, ale tak\u00e9 pom\u011brn\u011b nebezpe\u010dn\u00e1. \u010clov\u011bk se b\u011bhem nich m\u016f\u017ee docela rychle dehydrovat, co\u017e m\u00e1 negativn\u00ed vliv pro cel\u00fd organismus.Nechcete-li p\u0159\u00ed\u0161t\u00ed l\u00e9to riskovat dal\u0161\u00ed tropy, alespo\u0148 ne u sebe doma, m\u011bli byste minim\u00e1ln\u011b za\u010d\u00edt p\u0159em\u00fd\u0161let nad koup\u00ed klimatizace praha. Jedn\u00e1 se samoz\u0159ejm\u011b o investici, kter\u00e1 nen\u00ed \u00fapln\u011b nicotn\u00e1, i kdy\u017e jak se to vezme. Nicm\u00e9n\u011b d\u00edky t\u00e9to koupi m\u016f\u017eete tr\u00e1vit tropick\u00e9 dny i noci v dokonal\u00e9m chl\u00e1dku, co\u017e byste rozhodn\u011b cht\u00edt m\u011bli.Ji\u017e v minul\u00e9m odstavci bylo nazna\u010deno, \u017ee by klimatizace snad nemusela b\u00fdt tak drah\u00e1, jak se o n\u00ed pov\u00edd\u00e1. A je to pravda. Pochopiteln\u011b, kdy\u017e si zvol\u00edte klasickou verzi, p\u0159ipravte se na to, \u017ee v\u00e1s to bude n\u011bco st\u00e1t, ale v p\u0159\u00edpad\u011b, \u017ee se spokoj\u00edte s men\u0161\u00edm modelem, zaplat\u00edte mnohem m\u00e9n\u011b. To sam\u00e9 plat\u00ed, i kdy\u017e si koup\u00edte mobiln\u00ed verzi. Na prvn\u00ed pohled se jedn\u00e1 o nic moc za\u0159\u00edzen\u00ed, kter\u00e9 dle laik\u016f nem\u016f\u017ee v\u016fbec chladit, ale kdy\u017e si zvol\u00edte kvalitn\u00ed model, bu\u010fte si jisti, \u017ee si doma dokonal\u00e9 klima vykouzlit dok\u00e1\u017eete jako nic.V\u011btr\u00e1k nen\u00ed lep\u0161\u00edV\u011bt\u0161ina lid\u00ed doma klimatizaci nem\u00e1, to je pravda. M\u00edsto toho ale pou\u017e\u00edvaj\u00ed v\u011btr\u00e1ky. \u010c\u00edm v\u011bt\u0161\u00ed, t\u00edm lep\u0161\u00ed. Ano, ty mohou do jist\u00e9 m\u00edry fungovat, ale m\u011bjte na pam\u011bti, \u017ee v\u011btr\u00e1ky neslou\u017e\u00ed k ochlazov\u00e1n\u00ed vzduchu, ale pouze k jeho v\u00ed\u0159en\u00ed. To je sice p\u0159\u00edjemn\u00e9 a ochladit v\u00e1s dok\u00e1\u017ee, ale m\u00e1 i mnoho negativ. T\u00edm asi nejv\u011bt\u0161\u00edm je samotn\u00fd princip v\u011btr\u00e1ku. Ten toti\u017e dok\u00e1\u017ee rozv\u00ed\u0159it nejen samotn\u00fd vzduch, ale i v\u0161elijak\u00e9 drobn\u00e9 \u010d\u00e1stice, t\u0159eba prach nebo pyl. A to jsou jak zn\u00e1mo alergeny. Pokud m\u00e1te doma alergika, na u\u017eit\u00ed v\u011btr\u00e1ku se ur\u010dit\u011b ned\u00edv\u00e1 dob\u0159e.                                                                                                                                                                                                                                                                                                                                                                                          4\/5 - (5 votes)        "},{"@context":"https:\/\/schema.org\/","@type":"BreadcrumbList","itemListElement":[{"@type":"ListItem","position":1,"name":"A l\u00e9to bude v chladu","item":"https:\/\/www.os-onyx.cz\/a-leto-bude-v-chladu\/#breadcrumbitem"}]}]