[{"@context":"https:\/\/schema.org\/","@type":"Article","@id":"https:\/\/www.os-onyx.cz\/co-vime-o-led-diodovem-osvetleni\/#Article","mainEntityOfPage":"https:\/\/www.os-onyx.cz\/co-vime-o-led-diodovem-osvetleni\/","headline":"Co v\u00edme o LED diodov\u00e9m osv\u011btlen\u00ed","name":"Co v\u00edme o LED diodov\u00e9m osv\u011btlen\u00ed","description":"S t\u011bmito cykly tak\u00e9 souvis\u00ed na\u0161e biologick\u00e9 hodiny, jejich\u017e \u0159\u00edd\u00edc\u00ed proces velice intenzivn\u011b poc\u00edt\u00edme zejm\u00e9na &hellip; ","datePublished":"2018-09-12","dateModified":"2023-05-30","author":{"@type":"Person","@id":"https:\/\/www.os-onyx.cz\/author\/devene\/#Person","name":"devene","url":"https:\/\/www.os-onyx.cz\/author\/devene\/","identifier":1,"image":{"@type":"ImageObject","@id":"https:\/\/secure.gravatar.com\/avatar\/046c8368865b87ac6ea06cde0e0a80b91304a43fe31de210702ad59bbd9a1974?s=96&d=mm&r=g","url":"https:\/\/secure.gravatar.com\/avatar\/046c8368865b87ac6ea06cde0e0a80b91304a43fe31de210702ad59bbd9a1974?s=96&d=mm&r=g","height":96,"width":96}},"publisher":{"@type":"Organization","name":"os-onyx.cz","logo":{"@type":"ImageObject","@id":"\/logo.png","url":"\/logo.png","width":600,"height":60}},"image":{"@type":"ImageObject","@id":"https:\/\/www.os-onyx.cz\/wp-content\/uploads\/img_a326145_w2314_t1538246216.jpg","url":"https:\/\/www.os-onyx.cz\/wp-content\/uploads\/img_a326145_w2314_t1538246216.jpg","height":0,"width":0},"url":"https:\/\/www.os-onyx.cz\/co-vime-o-led-diodovem-osvetleni\/","wordCount":459,"articleBody":"S t\u011bmito cykly tak\u00e9 souvis\u00ed na\u0161e biologick\u00e9 hodiny, jejich\u017e \u0159\u00edd\u00edc\u00ed proces velice intenzivn\u011b poc\u00edt\u00edme zejm\u00e9na v okam\u017eiku, kdy cestujeme letecky na del\u0161\u00ed vzd\u00e1lenost sm\u011brem na z\u00e1pad nebo na v\u00fdchod. LED technologie Prodlou\u017eit si den lid\u00e9 tou\u017eili ji\u017e odnepam\u011bti. V na\u0161em m\u00edrn\u00e9m klimatick\u00e9m p\u00e1smu, kdy se v zim\u011b den zkr\u00e1t\u00ed ve srovn\u00e1n\u00ed s letn\u00edm \u0161estn\u00e1ctihodinov\u00fdm dnem a\u017e na polovinu, si r\u00e1di r\u00e1no a ve\u010der posv\u00edt\u00edme. D\u0159\u00edve jsme si museli vysta\u010dit s edisonov\u00fdm vyn\u00e1lezem, dnes m\u00e1me \u0161ir\u0161\u00ed pole p\u016fsobnosti, i kdy\u017e u\u017e byly z trhu vl\u00e1knov\u00e9 \u201eedisonky\u201c d\u00e1vno sta\u017eeny. M\u00e1me tu halogenov\u00e9 \u017e\u00e1rovky, v\u00fdbojky, kompaktn\u00ed z\u00e1\u0159ivky a LED diodov\u00e9 osv\u011btlen\u00ed . Posledn\u00ed zmi\u0148ovan\u00e9 je pova\u017eov\u00e1no za osv\u011btlen\u00ed budoucnosti, a to z mnoha d\u016fvod\u016f. P\u0159ednosti LED diodov\u00fdch sv\u011btel \u00b7 \u00daspora energie \u2013 nenajde se snad nikdo, kdo nem\u00e1 radost z toho, kdy\u017e se mu poda\u0159\u00ed u\u0161et\u0159it n\u011bjak\u00e9 pen\u00edze. Pen\u00edze jsou sv\u00fdm zp\u016fsobem tak\u00e9 energie, tu mus\u00edme vydat, abychom si zajistili v\u00fdd\u011blek alespo\u0148 pro ob\u017eivu, a LED sv\u011btla n\u00e1m jsou v tomto ohledu n\u00e1pomocn\u00e1. \u00daspora p\u0159edstavuje a\u017e 90 procent n\u00e1klad\u016f na jejich provoz, co se t\u00fd\u010de elekt\u0159iny, ve srovn\u00e1n\u00ed s klasickou \u017e\u00e1rovkou. \u00b7 Kdo st\u00e1rne rychleji \u2013 s t\u011bmito \u017e\u00e1rovkami m\u016f\u017eete soupe\u0159it, kdo rychleji zest\u00e1rne. Jejich \u017eivotnost toti\u017e v\u011bt\u0161inou p\u0159esahuje 50 \u2013 80 tis\u00edc hodin. Jestli\u017ee budete pr\u016fm\u011brn\u011b denn\u011b sv\u00edtit zhruba 5 hodin, po\u010d\u00edtejte s t\u00edm, \u017ee takov\u00e1 \u017e\u00e1rovka m\u016f\u017ee b\u00fdt v provozu v\u00edce ne\u017e 40 let. \u00b7 \u010cast\u00e9 zap\u00edn\u00e1n\u00ed a vyp\u00edn\u00e1n\u00ed u\u017e dnes nikdo ne\u0159e\u0161\u00ed. T\u011bmto \u017e\u00e1rovk\u00e1m to nevad\u00ed a na jejich \u017eivotnost to nem\u00e1 \u017e\u00e1dn\u00fd vliv. \u00b7 Sv\u00edtivost \u2013 sou\u010dasn\u00e9 modely maj\u00ed sv\u00edtivost a\u017e desetkr\u00e1t vy\u0161\u0161\u00ed, ne\u017e vl\u00e1knov\u00e9 edisonky. \u00b7 Teplota chromati\u010dnosti \u2013 tento vzne\u0161en\u00fd odborn\u00fd n\u00e1zev nen\u00ed nic jin\u00e9ho, ne\u017e barva sv\u011btla. M\u016f\u017ee b\u00fdt lad\u011bna v\u00edce do teplej\u0161\u00edch oran\u017eovo\u017elut\u00fdch t\u00f3n\u016f, kter\u00e9 jsou vhodn\u00e9 pro navozen\u00ed klidn\u00e9 atmosf\u00e9ry a relaxace, nebo chladn\u011bj\u0161\u00ed spektrum namodral\u00e9ho b\u00edl\u00e9ho sv\u011btla, jako\u017eto ide\u00e1ln\u00ed zdroj osvitu pracovn\u00ed plochy kuchyn\u00ed a psac\u00edch stol\u016f. Vyr\u00e1b\u00ed se i plnospektr\u00e1ln\u00ed \u017e\u00e1rovky, jejich\u017e sv\u011btlo se p\u0159ibli\u017euje slune\u010dn\u00edm paprsk\u016fm. \u00b7 Rtu\u0165 \u2013 tak tu byste tu jen st\u011b\u017e\u00ed hledali, stejn\u011b tak jako jin\u00e9 toxick\u00e9 materi\u00e1ly. Likvidace LED diodov\u00fdch sv\u011bteln\u00fdch zdroj\u016f tedy jako b\u011b\u017en\u00fd elektroodpad.                                                                                                                                                                                                                                                                                                                                                                                         4.2\/5 - (8 votes)        "},{"@context":"https:\/\/schema.org\/","@type":"BreadcrumbList","itemListElement":[{"@type":"ListItem","position":1,"name":"Co v\u00edme o LED diodov\u00e9m osv\u011btlen\u00ed","item":"https:\/\/www.os-onyx.cz\/co-vime-o-led-diodovem-osvetleni\/#breadcrumbitem"}]}]