[{"@context":"https:\/\/schema.org\/","@type":"Article","@id":"https:\/\/www.os-onyx.cz\/druhy-a-zpusoby-osvetleni-dle-stylu-i-vyuziti\/#Article","mainEntityOfPage":"https:\/\/www.os-onyx.cz\/druhy-a-zpusoby-osvetleni-dle-stylu-i-vyuziti\/","headline":"Druhy a zp\u016fsoby osv\u011btlen\u00ed, dle stylu i vyu\u017eit\u00ed","name":"Druhy a zp\u016fsoby osv\u011btlen\u00ed, dle stylu i vyu\u017eit\u00ed","description":"A\u010dkoliv pro kvalitu sp\u00e1nku obvykle b\u00fdv\u00e1 nejlep\u0161\u00ed \u00fapln\u00e1 tma, pro bd\u011blou \u010d\u00e1st \u017eivota je pak &hellip; ","datePublished":"2022-05-23","dateModified":"2023-12-20","author":{"@type":"Person","@id":"https:\/\/www.os-onyx.cz\/author\/devene\/#Person","name":"devene","url":"https:\/\/www.os-onyx.cz\/author\/devene\/","identifier":1,"image":{"@type":"ImageObject","@id":"https:\/\/secure.gravatar.com\/avatar\/046c8368865b87ac6ea06cde0e0a80b91304a43fe31de210702ad59bbd9a1974?s=96&d=mm&r=g","url":"https:\/\/secure.gravatar.com\/avatar\/046c8368865b87ac6ea06cde0e0a80b91304a43fe31de210702ad59bbd9a1974?s=96&d=mm&r=g","height":96,"width":96}},"publisher":{"@type":"Organization","name":"os-onyx.cz","logo":{"@type":"ImageObject","@id":"\/logo.png","url":"\/logo.png","width":600,"height":60}},"image":{"@type":"ImageObject","@id":"https:\/\/www.os-onyx.cz\/wp-content\/uploads\/lightbulb-3104355_640.jpg","url":"https:\/\/www.os-onyx.cz\/wp-content\/uploads\/lightbulb-3104355_640.jpg","height":0,"width":0},"url":"https:\/\/www.os-onyx.cz\/druhy-a-zpusoby-osvetleni-dle-stylu-i-vyuziti\/","about":["Zbo\u017e\u00ed"],"wordCount":468,"articleBody":"       A\u010dkoliv pro kvalitu sp\u00e1nku obvykle b\u00fdv\u00e1 nejlep\u0161\u00ed \u00fapln\u00e1 tma, pro bd\u011blou \u010d\u00e1st \u017eivota je pak pot\u0159eba sv\u011btlo. Jist\u011b jste zpozorovali, \u017ee na podzim a v zim\u011b b\u00fdv\u00e1te v\u00edce unaven\u00ed, a pochmurn\u00e9 po\u010das\u00ed, spolu s nedostatkem denn\u00edho sv\u011btla p\u016fsob\u00ed i na va\u0161i psychiku. S p\u0159\u00edchodem jara se pak do \u017eil vl\u00e9v\u00e1 nov\u00e1 energie, a letn\u00ed dny zalit\u00e9 sluncem jsou jako stvo\u0159en\u00e9 pro z\u00e1bavu. \u010c\u00edm to je? Sv\u011btlo toti\u017e p\u016fsob\u00ed na n\u00e1\u0161 mozek blahod\u00e1rn\u011b, a jeho nedostatek m\u016f\u017ee zp\u016fsobovat deprese i \u00fazkosti. Proto je velmi d\u016fle\u017eit\u00e9 zajistit, aby ve va\u0161\u00ed dom\u00e1cnosti bylo velk\u00e9 mno\u017estv\u00ed kvalitn\u00edho osv\u011btlen\u00ed. Jak\u00e9 ale volit, a kam se kter\u00e9 hod\u00ed?Z\u00e1v\u011bsn\u00e9 lustry a bodov\u00e9 osv\u011btlen\u00edStropn\u00ed lustry jsou pro mnoho lid\u00ed z\u00e1kladem, kter\u00fd zva\u017euj\u00ed u\u017e p\u0159i stavb\u011b domu, a jejich v\u00fdb\u011brem tr\u00e1v\u00ed i hodiny. Je lep\u0161\u00ed volit bodov\u00e9 osv\u011btlen\u00ed zabudovan\u00e9 ve strop\u011b, nebo rad\u011bji z\u00e1v\u011bsn\u00fd lustr? Ve skute\u010dnosti na tom a\u017e tak nez\u00e1le\u017e\u00ed, a jedn\u00e1 se p\u0159edev\u0161\u00edm o ot\u00e1zku vkusu, a mo\u017enost vyu\u017eit\u00ed prostoru. Co je v\u0161ak d\u016fle\u017eit\u00e9, je aby osv\u011btlen\u00ed poskytovalo opravdu dostate\u010dn\u00e9 mno\u017estv\u00ed sv\u011btla, nejl\u00e9pe toho b\u00edl\u00e9ho, podobn\u00e9ho denn\u00edmu. V\u017edy je pak nejlep\u0161\u00ed volbou pou\u017e\u00edvat \u00fasporn\u00e9 \u017e\u00e1rovky, kter\u00e9 maj\u00ed sice vy\u0161\u0161\u00ed po\u0159izovac\u00ed n\u00e1klady, ale vydr\u017e\u00ed mnohem d\u00e9le, a na \u00fa\u010dtu za energie je tento rozd\u00edl velmi patrn\u00fd.Stoj\u00edc\u00ed lampyStoj\u00edc\u00ed lampy Light4home jsou pak zp\u016fsobem dodate\u010dn\u00e9ho osv\u011btlen\u00ed, a hod\u00ed se v m\u00edstnostech, kde ob\u010das nestoj\u00edme o tolik sv\u011btla, ale ani o naprostou tmu. Pou\u017e\u00edvaj\u00ed se tedy nejv\u00edce v ob\u00fdvac\u00edch pokoj\u00edch, \u010di lo\u017enic\u00edch. N\u011bkter\u00e9 stoj\u00edc\u00ed lampy maj\u00ed v\u00edce \u017e\u00e1rovek, https:\/\/www.elkoep.cz\/media\/import\/Elko\/SMR-M\/CS\/Brozura_stmivani.pdf  a mo\u017enost r\u016fzn\u00e9ho tlumen\u00ed, \u010di zvy\u0161ov\u00e1n\u00ed osv\u011btlen\u00ed, a m\u016f\u017eeme si je tak nastavit dle sv\u00fdch pot\u0159eb.N\u00e1st\u011bnn\u00e9 osv\u011btlen\u00edTento typ osv\u011btlen\u00ed se pak pou\u017e\u00edv\u00e1 v chodb\u00e1ch, nebo v exteri\u00e9rech, kde nelze zav\u011bsit lustr. Stoln\u00ed lampi\u010dkyStoln\u00ed lampi\u010dky pak nej\u010dast\u011bji uvid\u00edme na no\u010dn\u00edch stolc\u00edch, kde se pou\u017e\u00edvaj\u00ed p\u0159i \u010dten\u00ed, nebo kdy\u017e v noci vstanete, a nechcete po slepu hledat vyp\u00edna\u010d. D\u00e1le se pak pou\u017e\u00edvaj\u00ed na pracovn\u00edch stolech, aby zv\u00fd\u0161ili m\u00edru osv\u011btlen\u00ed p\u0159\u00edmo v konkr\u00e9tn\u00edm m\u00edst\u011b, a my si tak nezat\u011b\u017eovali o\u010di p\u0159i pr\u00e1ci.                                                                                                                                                                                                                                                                                                                                                                                         3.7\/5 - (3 votes)        "},{"@context":"https:\/\/schema.org\/","@type":"BreadcrumbList","itemListElement":[{"@type":"ListItem","position":1,"name":"Druhy a zp\u016fsoby osv\u011btlen\u00ed, dle stylu i vyu\u017eit\u00ed","item":"https:\/\/www.os-onyx.cz\/druhy-a-zpusoby-osvetleni-dle-stylu-i-vyuziti\/#breadcrumbitem"}]}]