[{"@context":"https:\/\/schema.org\/","@type":"Article","@id":"https:\/\/www.os-onyx.cz\/mezigeneracni-vypomoc-se-svetem-informacnich-technologii\/#Article","mainEntityOfPage":"https:\/\/www.os-onyx.cz\/mezigeneracni-vypomoc-se-svetem-informacnich-technologii\/","headline":"Mezigenera\u010dn\u00ed v\u00fdpomoc se sv\u011btem informa\u010dn\u00edch technologi\u00ed","name":"Mezigenera\u010dn\u00ed v\u00fdpomoc se sv\u011btem informa\u010dn\u00edch technologi\u00ed","description":"D\u00edky zvy\u0161uj\u00edc\u00edm se n\u00e1rok\u016fm na vyu\u017e\u00edv\u00e1n\u00ed informa\u010dn\u00edch technologi\u00ed se v&nbsp;posledn\u00edch letech rozv\u00edj\u00ed mnoho projekt\u016f zam\u011b\u0159en\u00fdch &hellip; ","datePublished":"2019-12-07","dateModified":"2023-05-30","author":{"@type":"Person","@id":"https:\/\/www.os-onyx.cz\/author\/devene\/#Person","name":"devene","url":"https:\/\/www.os-onyx.cz\/author\/devene\/","identifier":1,"image":{"@type":"ImageObject","@id":"https:\/\/secure.gravatar.com\/avatar\/046c8368865b87ac6ea06cde0e0a80b91304a43fe31de210702ad59bbd9a1974?s=96&d=mm&r=g","url":"https:\/\/secure.gravatar.com\/avatar\/046c8368865b87ac6ea06cde0e0a80b91304a43fe31de210702ad59bbd9a1974?s=96&d=mm&r=g","height":96,"width":96}},"publisher":{"@type":"Organization","name":"os-onyx.cz","logo":{"@type":"ImageObject","@id":"\/logo.png","url":"\/logo.png","width":600,"height":60}},"image":{"@type":"ImageObject","@id":"https:\/\/www.os-onyx.cz\/wp-content\/uploads\/img_a364836_w4227_t1577786881.jpg","url":"https:\/\/www.os-onyx.cz\/wp-content\/uploads\/img_a364836_w4227_t1577786881.jpg","height":0,"width":0},"url":"https:\/\/www.os-onyx.cz\/mezigeneracni-vypomoc-se-svetem-informacnich-technologii\/","about":["IT"],"wordCount":510,"articleBody":"D\u00edky zvy\u0161uj\u00edc\u00edm se n\u00e1rok\u016fm na vyu\u017e\u00edv\u00e1n\u00ed informa\u010dn\u00edch technologi\u00ed se v&nbsp;posledn\u00edch letech rozv\u00edj\u00ed mnoho projekt\u016f zam\u011b\u0159en\u00fdch na pomoc star\u0161\u00edm lidem s&nbsp;porozum\u011bn\u00edm s&nbsp;po\u010d\u00edta\u010di, s orientac\u00ed na internetu apod. C\u00edlem je, aby se jim zjednodu\u0161il \u017eivot, zp\u0159\u00edjemnil t\u00edm, aby se nec\u00edtili osamocen\u00ed a aby se zlep\u0161ila mezigenera\u010dn\u00ed komunikace.T\u011bchto projekt\u016f ale po\u0159\u00e1d nen\u00ed dostatek.Je zapot\u0159eb\u00ed osobn\u00ed p\u0159\u00edstup a dostupnost slu\u017eeb v&nbsp;m\u00edst\u011b bydli\u0161t\u011b. Mnoha senior\u016fm se informace o t\u011bchto poskytovan\u00fdch slu\u017eb\u00e1ch \u010dasto ani nedonese, je pot\u0159eba v\u011bt\u0161\u00ed osv\u011bta, aby se v\u00edce senior\u016f mohlo zapojit do&nbsp;dne\u0161n\u00edho online sv\u011bta. V\u011bt\u0161ina informac\u00ed je v&nbsp;sou\u010dasn\u00e9 dob\u011b dostupn\u00e1 pouze na internetu, senio\u0159i, kte\u0159\u00ed s&nbsp;po\u010d\u00edta\u010dem neum\u00ed pracovat a kter\u00fdch je v\u011bt\u0161ina, se proto mus\u00ed c\u00edtit jako velmi vylou\u010den\u00e1 skupina spole\u010dnosti, odlou\u010den\u00e1 od sv\u011bta mlad\u0161\u00edch generac\u00ed. Takto by to b\u00fdt rozhodn\u011b nem\u011blo.Akc\u00ed pro seniory, r\u016fzn\u00fdch kurz\u016f a \u0161kolen\u00ed je sice hodn\u011b, ale m\u011blo by se v\u00edce podporovat propojen\u00ed generac\u00ed, a\u0165 u\u017e v&nbsp;rodin\u00e1ch, i mimo n\u011b. Trend v&nbsp;dne\u0161n\u00ed dob\u011b je opa\u010dn\u00fd, v\u011bt\u0161ina mlad\u00fdch nem\u00e1 se seniory dostatek trp\u011blivosti, aby p\u0159ed\u00e1vali sv\u00e9 zku\u0161enosti sv\u00fdm prarodi\u010d\u016fm, p\u0159\u00edpadn\u011b i rodi\u010d\u016fm. Pro v\u0161echny z&nbsp;n\u00e1s je ale d\u016fle\u017eit\u00e9 a pot\u0159ebn\u00e9 b\u00fdt sou\u010d\u00e1st\u00ed spole\u010dnosti, b\u00fdt se sv\u00fdmi bl\u00edzk\u00fdmi, \u010di se c\u00edtit u\u017eite\u010dn\u00fdmi, p\u0159esto\u017ee se to m\u016f\u017ee n\u011bkomu jevit opa\u010dn\u011b.&nbsp;&nbsp;Projekty, kdy &bdquo;aj\u0165\u00e1k&ldquo; p\u0159ijde k&nbsp;seniorovi a pom\u016f\u017ee mu v\u0161e vysv\u011btlit na jeho po\u010d\u00edta\u010di a nau\u010d\u00ed ho s&nbsp;n\u00edm pracovat, jsou velmi perspektivn\u00ed a u\u017eite\u010dn\u00e9.Aby se v\u0161ak tyto slu\u017eby roz\u0161\u00ed\u0159ily a byly dostupn\u00e9 pro ka\u017ed\u00e9ho, bylo by zapot\u0159eb\u00ed finan\u010dn\u00ed dotace od st\u00e1tu a v\u011bt\u0161\u00ed spolupr\u00e1ce s m\u011bsty a obcemi.\u017divot by si senio\u0159i velmi usnadnili a zp\u0159\u00edjemnili t\u00edm, kdyby ovl\u00e1dali elektronickou po\u0161tu \u010di telefonov\u00e1n\u00ed pomoc\u00ed aplikac\u00ed k&nbsp;tomu ur\u010den\u00fdch, kdy mohou pou\u017e\u00edvat i kameru. Kdyby se nau\u010dili vyhled\u00e1vat u\u017eite\u010dn\u00e9 informace, jako nap\u0159\u00edklad j\u00edzdn\u00ed \u0159\u00e1dy, r\u016fzn\u00e9 kulturn\u00ed p\u0159ehledy, kontakty na l\u00e9ka\u0159e \u010di otev\u00edrac\u00ed doby obchod\u016f, l\u00e9k\u00e1ren apod., velmi by jim to uleh\u010dilo \u017eivot.Pro fungov\u00e1n\u00ed projekt\u016f je d\u016fle\u017eit\u00e9, aby byl zachov\u00e1n osobn\u00ed p\u0159\u00edstup, otev\u0159enost, vz\u00e1jemn\u00e1 d\u016fv\u011bra mezi seniory a lidmi poskytuj\u00edc\u00edmi tyto slu\u017eby, oboustrann\u00e1 trp\u011blivost, vytrvalost a proaktivn\u00ed p\u0159\u00edstup.                                                                                                                                                                                                                                                                                                                                                                                        4.1\/5 - (10 votes)        "},{"@context":"https:\/\/schema.org\/","@type":"BreadcrumbList","itemListElement":[{"@type":"ListItem","position":1,"name":"Mezigenera\u010dn\u00ed v\u00fdpomoc se sv\u011btem informa\u010dn\u00edch technologi\u00ed","item":"https:\/\/www.os-onyx.cz\/mezigeneracni-vypomoc-se-svetem-informacnich-technologii\/#breadcrumbitem"}]}]