[{"@context":"https:\/\/schema.org\/","@type":"Article","@id":"https:\/\/www.os-onyx.cz\/mobil-dnes-a-drive\/#Article","mainEntityOfPage":"https:\/\/www.os-onyx.cz\/mobil-dnes-a-drive\/","headline":"Mobil dnes a d\u0159\u00edve","name":"Mobil dnes a d\u0159\u00edve","description":"Pamatujete se na sv\u016fj prvn\u00ed mobil? J\u00e1 ano. A mus\u00edm \u0159\u00edct, \u017ee to nebylo nic &hellip; ","datePublished":"2022-08-23","dateModified":"2023-05-30","author":{"@type":"Person","@id":"https:\/\/www.os-onyx.cz\/author\/devene\/#Person","name":"devene","url":"https:\/\/www.os-onyx.cz\/author\/devene\/","identifier":1,"image":{"@type":"ImageObject","@id":"https:\/\/secure.gravatar.com\/avatar\/046c8368865b87ac6ea06cde0e0a80b91304a43fe31de210702ad59bbd9a1974?s=96&d=mm&r=g","url":"https:\/\/secure.gravatar.com\/avatar\/046c8368865b87ac6ea06cde0e0a80b91304a43fe31de210702ad59bbd9a1974?s=96&d=mm&r=g","height":96,"width":96}},"publisher":{"@type":"Organization","name":"os-onyx.cz","logo":{"@type":"ImageObject","@id":"\/logo.png","url":"\/logo.png","width":600,"height":60}},"image":{"@type":"ImageObject","@id":"https:\/\/www.os-onyx.cz\/wp-content\/uploads\/selfie-465563_960_720.jpg","url":"https:\/\/www.os-onyx.cz\/wp-content\/uploads\/selfie-465563_960_720.jpg","height":0,"width":0},"url":"https:\/\/www.os-onyx.cz\/mobil-dnes-a-drive\/","about":["Mobil"],"wordCount":441,"articleBody":"Pamatujete se na sv\u016fj prvn\u00ed mobil? J\u00e1 ano. A mus\u00edm \u0159\u00edct, \u017ee to nebylo nic extra, ale v\u016fbec jsem se za to nestyd\u011bla. Proto\u017ee v d\u0159\u00edv\u011bj\u0161\u00edch dob\u00e1ch, kdy mobiln\u00ed telefony za\u010d\u00ednaly, tak byly velmi drah\u00e9. A pro n\u011bkter\u00e9 rodiny velmi nedostupn\u00e9. Mysl\u00edm si, \u017ee v d\u0159\u00edv\u011bj\u0161\u00edch dob\u00e1ch si mobiln\u00ed telefon mohl dovolit pouze ten, kter\u00fd vyd\u011bl\u00e1val opravdu velk\u00e9 pen\u00edze a m\u011bl vysoce postavenou pr\u00e1ci. Nebo vy si mysl\u00edte n\u011bco jin\u00e9ho? J\u00e1 jsem si mobiln\u00ed telefon po\u0159\u00eddila a\u017e pozd\u011bji, kdy\u017e mi bylo asi \u0161estn\u00e1ct let. Dva roky jsem si ho p\u0159\u00e1la k narozenin\u00e1m anebo na V\u00e1noce. Jenom\u017ee mi st\u00e1le nikdo nevyhov\u011bl, proto\u017ee byly velmi drah\u00e9. A\u017e t\u0159et\u00ed rok po slibov\u00e1n\u00ed a pro\u0161en\u00ed mi ho otec po\u0159\u00eddil na V\u00e1noce. A mus\u00edm \u0159\u00edct, \u017ee to byl \u00fapln\u011b ten nejoby\u010dejn\u011bj\u0161\u00ed mobiln\u00ed telefon, co to kdy byl na trhu. V\u016fbec u\u017e nev\u00edm, co to bylo za zna\u010dku, ale v\u00edm \u017ee tam nebyly v\u016fbec \u017e\u00e1dn\u00e9 hry.A ty hry jsem pr\u00e1v\u011b \u00fapln\u011b cht\u011bla nejv\u00edce. Proto\u017ee m\u00ed kamar\u00e1di a zn\u00e1m\u00ed u\u017e m\u011bli mobiln\u00ed telefony, kter\u00e9 byly o n\u011bco lep\u0161\u00ed ne\u017e ten m\u016fj. A m\u011bli tam hlavn\u011b hry. To jist\u011b zn\u00e1te. Pamatujete si na proslul\u00e9ho hada? Ten had v d\u0159\u00edv\u011bj\u0161\u00edch dob\u00e1ch v mobiln\u00edm telefonu opravdu fr\u010del. Hada hr\u00e1l opravdu ka\u017ed\u00fd a ten, kdo nehr\u00e1l hada, byl asi divn\u00fd. J\u00e1 jsem hada hr\u00e1la asi a\u017e o dal\u0161\u00ed rok pozd\u011bji.Ne\u017e jsem si po\u0159\u00eddila u\u017e mobil sama z vlastn\u00edch pen\u011bz z brig\u00e1dy. A mus\u00edm \u0159\u00edct, \u017ee ten mobil byl opravdu drah\u00fd. St\u00e1l m\u011b \u010dty\u0159i v\u00fdplaty ne brig\u00e1d\u011b Ale v\u016fbec jsem nelitovala. \u0158ekla jsem si, \u017ee prost\u011b mobil b\u00fdt mus\u00ed. Nicm\u00e9n\u011b ale stejn\u011b jsem z n\u011bho nevolala ani nepsala zpr\u00e1vy, proto\u017ee to bylo tak drah\u00e9, \u017ee jsem si to nemohla dovolit, tak\u017ee mobiln\u00ed telefon jsem si po\u0159\u00eddila jenom kv\u016fli tomu, abychom m\u011bla. A co vy a mobiln\u00ed telefon? M\u00e1te ho? A co si\u00a0mysl\u00edte\u00a0o tom, \u017ee mobil u\u017e maj\u00ed i mal\u00e9 d\u011bti? M\u00e1m syna,\u00a0kter\u00e9mu\u00a0je p\u011bt let a on sv\u016fj mobil m\u00e1. M\u011b to nevad\u00ed, p\u0159ijde mi to na dne\u0161n\u00ed dobu naprosto norm\u00e1ln\u00ed. Alespo\u0148 mu m\u016f\u017eu kdykoliv zavolat.                                                                                                                                                                                                                                                                                                                                                                                        4.9\/5 - (7 votes)        "},{"@context":"https:\/\/schema.org\/","@type":"BreadcrumbList","itemListElement":[{"@type":"ListItem","position":1,"name":"Mobil dnes a d\u0159\u00edve","item":"https:\/\/www.os-onyx.cz\/mobil-dnes-a-drive\/#breadcrumbitem"}]}]