[{"@context":"https:\/\/schema.org\/","@type":"Article","@id":"https:\/\/www.os-onyx.cz\/pratele-na-kordy\/#Article","mainEntityOfPage":"https:\/\/www.os-onyx.cz\/pratele-na-kordy\/","headline":"P\u0159\u00e1tel\u00e9 na kordy","name":"P\u0159\u00e1tel\u00e9 na kordy","description":"Kr\u00e1sn\u00fdm p\u0159\u00edkladem kombinace \u010dern\u00e9 a b\u00edl\u00e9 je \u0161achov\u00fd stolek. Barvy se pravideln\u011b st\u0159\u00eddaj\u00ed, vytv\u00e1\u0159\u00ed kontrast &hellip; ","datePublished":"2025-02-17","dateModified":"2025-02-17","author":{"@type":"Person","@id":"https:\/\/www.os-onyx.cz\/author\/devene\/#Person","name":"devene","url":"https:\/\/www.os-onyx.cz\/author\/devene\/","identifier":1,"image":{"@type":"ImageObject","@id":"https:\/\/secure.gravatar.com\/avatar\/046c8368865b87ac6ea06cde0e0a80b91304a43fe31de210702ad59bbd9a1974?s=96&d=mm&r=g","url":"https:\/\/secure.gravatar.com\/avatar\/046c8368865b87ac6ea06cde0e0a80b91304a43fe31de210702ad59bbd9a1974?s=96&d=mm&r=g","height":96,"width":96}},"publisher":{"@type":"Organization","name":"os-onyx.cz","logo":{"@type":"ImageObject","@id":"\/logo.png","url":"\/logo.png","width":600,"height":60}},"url":"https:\/\/www.os-onyx.cz\/pratele-na-kordy\/","wordCount":169,"articleBody":"Kr\u00e1sn\u00fdm p\u0159\u00edkladem kombinace \u010dern\u00e9 a b\u00edl\u00e9 je \u0161achov\u00fd stolek. Barvy se pravideln\u011b st\u0159\u00eddaj\u00ed, vytv\u00e1\u0159\u00ed kontrast a dopl\u0148uj\u00ed jedna druhou. Stejn\u011b jako se dva p\u0159\u00e1tel\u00e9 ocitnou na de\u0161tiv\u00e9 odpoledne p\u0159i partii \u0161achu zd\u00e1nliv\u00fdmi nep\u0159\u00e1teli na kordy, zat\u00edm co chovaj\u00ed jeden druh\u00e9ho ve velk\u00e9 \u00fact\u011b, stejn\u011b tak se dv\u011b naprosto rozd\u00edln\u00e9 barvy neobejdou jedna bez druh\u00e9. Bez tmav\u00fdch odst\u00edn\u016f by b\u00edl\u00e1 nebyla b\u00edlou. Tajemn\u00e9 spojen\u00ed Ob\u011b a\u017e tajemn\u011b spojen\u00e9 barvy spolu vytv\u00e1\u0159\u00ed \u0161k\u00e1lu st\u00edn\u016f lehk\u00fdch jako hedv\u00e1b\u00ed i t\u00f3ny p\u0159edznamen\u00e1vaj\u00edc\u00ed bou\u0159kov\u00e1 mra\u010dna. \u010cernob\u00edl\u00fd obraz je kombinace, kter\u00e1 bude fungovat za v\u0161ech okolnost\u00ed, v ka\u017ed\u00e9m po\u010das\u00ed a slad\u00ed se s jakoukoli va\u0161\u00ed n\u00e1ladou. M\u016f\u017eete se v pohledu na n\u011bj ut\u00e1p\u011bt p\u0159i rann\u00edm \u0161\u00e1lku k\u00e1vy, odpoledne unaven\u00e1 z pr\u00e1ce nebo u n\u011bj jen tak prosed\u011bt pohodov\u00fd ve\u010der.                                                                                                                                                                                                                                                                                                                                                                                                "},{"@context":"https:\/\/schema.org\/","@type":"BreadcrumbList","itemListElement":[{"@type":"ListItem","position":1,"name":"P\u0159\u00e1tel\u00e9 na kordy","item":"https:\/\/www.os-onyx.cz\/pratele-na-kordy\/#breadcrumbitem"}]}]