[{"@context":"https:\/\/schema.org\/","@type":"Article","@id":"https:\/\/www.os-onyx.cz\/proc-se-dnesni-spolecnost-radikalizuje\/#Article","mainEntityOfPage":"https:\/\/www.os-onyx.cz\/proc-se-dnesni-spolecnost-radikalizuje\/","headline":"Pro\u010d se dne\u0161n\u00ed spole\u010dnost radikalizuje","name":"Pro\u010d se dne\u0161n\u00ed spole\u010dnost radikalizuje","description":"Kdy\u017e proch\u00e1z\u00edme r\u016fzn\u00e9 internetov\u00e9 diskuse, zvl\u00e1\u0161t\u011b u \u010dl\u00e1nk\u016f o politice, vid\u00edme st\u00e1le v\u00edce nejr\u016fzn\u011bj\u0161\u00edch pom\u011brn\u011b &hellip; ","datePublished":"2022-06-13","dateModified":"2023-05-30","author":{"@type":"Person","@id":"https:\/\/www.os-onyx.cz\/author\/devene\/#Person","name":"devene","url":"https:\/\/www.os-onyx.cz\/author\/devene\/","identifier":1,"image":{"@type":"ImageObject","@id":"https:\/\/secure.gravatar.com\/avatar\/046c8368865b87ac6ea06cde0e0a80b91304a43fe31de210702ad59bbd9a1974?s=96&d=mm&r=g","url":"https:\/\/secure.gravatar.com\/avatar\/046c8368865b87ac6ea06cde0e0a80b91304a43fe31de210702ad59bbd9a1974?s=96&d=mm&r=g","height":96,"width":96}},"publisher":{"@type":"Organization","name":"os-onyx.cz","logo":{"@type":"ImageObject","@id":"\/logo.png","url":"\/logo.png","width":600,"height":60}},"image":{"@type":"ImageObject","@id":"https:\/\/www.os-onyx.cz\/wp-content\/uploads\/politika3_7.png","url":"https:\/\/www.os-onyx.cz\/wp-content\/uploads\/politika3_7.png","height":0,"width":0},"url":"https:\/\/www.os-onyx.cz\/proc-se-dnesni-spolecnost-radikalizuje\/","about":["Spole\u010dnost"],"wordCount":455,"articleBody":"Kdy\u017e proch\u00e1z\u00edme r\u016fzn\u00e9 internetov\u00e9 diskuse, zvl\u00e1\u0161t\u011b u \u010dl\u00e1nk\u016f o politice, vid\u00edme st\u00e1le v\u00edce nejr\u016fzn\u011bj\u0161\u00edch pom\u011brn\u011b radik\u00e1ln\u00edch koment\u00e1\u0159\u016f, kter\u00e9 mnohdy volaj\u00ed dokonce i po vra\u017ed\u011b n\u011bjak\u00e9ho \u010dlov\u011bka. A toto chov\u00e1n\u00ed se neomezuje pouze na anonymn\u00ed diskuse.\u00a0St\u00e1le v\u00edce n\u00e1siln\u00e9ho a v\u00fdhr\u016f\u017en\u00e9ho chov\u00e1n\u00ed v\u016f\u010di ur\u010dit\u00fdm osob\u00e1m \u010di skupin\u00e1m osob, mnohdy kon\u010d\u00edc\u00ed i vra\u017edou, m\u016f\u017eeme vid\u011bt i na ulici. Je tedy jasn\u00e9, \u017ee se v\u00a0sou\u010dasn\u00e9 dob\u011b na\u0161e spole\u010dnost pom\u011brn\u011b zna\u010dn\u011b radikalizuje.\u00a0Historie n\u00e1m samoz\u0159ejm\u011b ukazuje, \u017ee \u017e\u00e1dn\u00e1 radikalizace nekon\u010d\u00ed dob\u0159e. Je to p\u0159edev\u0161\u00edm proto, \u017ee tito lid\u00e9 se naprosto uzav\u0159ou jak\u00e9mukoliv n\u00e1zoru, kter\u00fd odporuje tomu jejich a lidi, kte\u0159\u00ed se je sna\u017e\u00ed p\u0159esv\u011bd\u010dit, pova\u017euj\u00ed za sv\u00e9 nep\u0159\u00e1tele a zr\u00e1dce. K\u00a0ne\u0161t\u011bst\u00ed je pak u\u017e jen kr\u016f\u010dek.\u00a0\u00a0Tato situace samoz\u0159ejm\u011b nevznikla sama od sebe. Roli zde hr\u00e1lo hned n\u011bkolik d\u016fle\u017eit\u00fdch faktor\u016f, kter\u00e9 tomu pomohly, a\u0165 u\u017e z\u00e1m\u011brn\u011b \u010di nikoliv.\u00a0T\u00edm prvn\u00edm byla pandemie covidu, kter\u00e1 uzav\u0159ela \u010d\u00e1st obchod\u016f a t\u00e9m\u011b\u0159 ve\u0161ker\u00e9 slu\u017eby, o omezen\u00ed cestov\u00e1n\u00ed nemluv\u011b. Tak\u00e9 se d\u00edky tomu zhor\u0161ila i ekonomick\u00e1 situace velk\u00e9 \u010d\u00e1sti populace, nebo\u0165 mnoho pracovn\u00edk\u016f bylo bu\u010f propu\u0161t\u011bno, nebo p\u0159evedeno na home office, kde si nevyd\u011blali ani zdaleka tolik.\u00a0\u00a0Tento stav trval dva roky, co\u017e rozhodn\u011b nen\u00ed m\u00e1lo. A prakticky hned pot\u00e9, co skon\u010dil, za\u010dala v\u00e1lka na Ukrajin\u011b, kter\u00e1 p\u0159inesla nejen velk\u00e9 zdra\u017een\u00ed u\u017e tak oslaben\u00e9 ekonomiky, ale i obavy z\u00a0eskalace konfliktu do celoevropsk\u00e9ho \u010di dokonce celosv\u011btov\u00e9ho m\u011b\u0159\u00edtka, kdy by bylo zasa\u017eeno i na\u0161e \u00fazem\u00ed.\u00a0T\u00e9to situace pak vyu\u017e\u00edvaj\u00ed politici, kte\u0159\u00ed d\u00edky tomu maj\u00ed snadn\u00e9ho ob\u011btn\u00edho ber\u00e1nka, na kter\u00e9ho mohou lid\u00e9 svalit ve\u0161kerou vinu. Zda je onen subjekt, a\u0165 u\u017e se jedn\u00e1 o \u010dlov\u011bka, st\u00e1t \u010di podnik skute\u010dn\u011b vinen, u\u017e je p\u0159\u00edli\u0161 nezaj\u00edm\u00e1.\u00a0Ov\u0161em net\u00fdk\u00e1 se to jen politik\u016f. I b\u011b\u017en\u00ed lid\u00e9 se sna\u017e\u00ed na t\u00e9to situaci vyd\u011blat a z\u00edskat si podporu lid\u00ed t\u00edm, \u017ee jim nab\u00eddnou \u201erychl\u00e1 \u0159e\u0161en\u00ed\u201c jejich situace, p\u0159esto\u017ee nic takov\u00e9ho neexistuje. P\u0159esto na to lid\u00e9 sly\u0161\u00ed, a \u010d\u00edm v\u00edce jsou p\u0159esv\u011bd\u010dov\u00e1ni, t\u00edm v\u00edce se ve sv\u00fdch n\u00e1zorech zatvrzuj\u00ed. N\u00e1sledky pak bohu\u017eel neb\u00fdvaj\u00ed nijak p\u011bkn\u00e9.                                                                                                                                                                                                                                                                                                                                                                                        4.3\/5 - (9 votes)        "},{"@context":"https:\/\/schema.org\/","@type":"BreadcrumbList","itemListElement":[{"@type":"ListItem","position":1,"name":"Pro\u010d se dne\u0161n\u00ed spole\u010dnost radikalizuje","item":"https:\/\/www.os-onyx.cz\/proc-se-dnesni-spolecnost-radikalizuje\/#breadcrumbitem"}]}]