[{"@context":"https:\/\/schema.org\/","@type":"Article","@id":"https:\/\/www.os-onyx.cz\/udelejte-si-pauzu-a-vyrazte-za-odpocinkem-do-mikulova\/#Article","mainEntityOfPage":"https:\/\/www.os-onyx.cz\/udelejte-si-pauzu-a-vyrazte-za-odpocinkem-do-mikulova\/","headline":"Ud\u011blejte si pauzu a vyrazte za odpo\u010dinkem do Mikulova!","name":"Ud\u011blejte si pauzu a vyrazte za odpo\u010dinkem do Mikulova!","description":"Co\u017e takhle vyrazit na dovolenou? Anebo alespo\u0148 na prodlou\u017een\u00fd v\u00edkend? Trocha odpo\u010dinku a p\u0159\u00edjemn\u00e1 relaxace &hellip; ","datePublished":"2019-09-11","dateModified":"2023-10-12","author":{"@type":"Person","@id":"https:\/\/www.os-onyx.cz\/author\/devene\/#Person","name":"devene","url":"https:\/\/www.os-onyx.cz\/author\/devene\/","identifier":1,"image":{"@type":"ImageObject","@id":"https:\/\/secure.gravatar.com\/avatar\/046c8368865b87ac6ea06cde0e0a80b91304a43fe31de210702ad59bbd9a1974?s=96&d=mm&r=g","url":"https:\/\/secure.gravatar.com\/avatar\/046c8368865b87ac6ea06cde0e0a80b91304a43fe31de210702ad59bbd9a1974?s=96&d=mm&r=g","height":96,"width":96}},"publisher":{"@type":"Organization","name":"os-onyx.cz","logo":{"@type":"ImageObject","@id":"\/logo.png","url":"\/logo.png","width":600,"height":60}},"image":{"@type":"ImageObject","@id":"https:\/\/www.os-onyx.cz\/wp-content\/uploads\/img_a342530_w1740_t1555313504.jpg","url":"https:\/\/www.os-onyx.cz\/wp-content\/uploads\/img_a342530_w1740_t1555313504.jpg","height":0,"width":0},"url":"https:\/\/www.os-onyx.cz\/udelejte-si-pauzu-a-vyrazte-za-odpocinkem-do-mikulova\/","about":["Zdrav\u00ed"],"wordCount":412,"articleBody":"       Co\u017e takhle vyrazit na dovolenou? Anebo alespo\u0148 na prodlou\u017een\u00fd v\u00edkend? Trocha odpo\u010dinku a p\u0159\u00edjemn\u00e1 relaxace d\u011blaj\u00ed divy, a ka\u017ed\u00e9mu prosp\u011bj\u00ed. T\u00edm sp\u00ed\u0161e t\u011bm lidem, kte\u0159\u00ed po cel\u00fd rok intenzivn\u011b pracuj\u00ed. Tak\u017ee pokud m\u00e1te pocit, \u017ee na po\u0159\u00e1dnou dlouhou dovolenou nem\u00e1te kdy, tak p\u0159ije\u010fte alespo\u0148 na v\u00edkend. Pt\u00e1te se kam? P\u0159ece do hotelu v moravsk\u00e9m Mikulov\u011b . Ji\u017en\u00ed Morava svou nab\u00eddkou a pohostinnost\u00ed nikoho nezklame, a\u0165 u\u017e d\u00e1v\u00e1te p\u0159ednost libovoln\u00e9mu stylu relaxace.  Nezapomenuteln\u00e9 z\u00e1\u017eitky na dosah ruky Kdy\u017e se ocitnete v samotn\u00e9m srdci zdej\u0161\u00edho m\u011bste\u010dka, budete m\u00edt v\u0161echno jako na dlani. \u010cek\u00e1 v\u00e1s nejen kr\u00e1sn\u00fd v\u00fdhled, ale i kultura a kr\u00e1sn\u00e1 p\u0159\u00edroda na dosah ruky. A to je\u0161t\u011b nemluv\u00edme o \u0161pi\u010dkov\u00fdch slu\u017eb\u00e1ch, kter\u00e9 v\u00e1m ve zdej\u0161\u00edm hotelu mohou nab\u00eddnout. Ne nadarmo se zde py\u0161n\u00ed kvalitn\u00edmi wellness slu\u017ebami. Zdej\u0161\u00ed wellness v\u00e1m m\u00e1 jist\u011b co nab\u00eddnout, a\u0165 u\u017e preferujete mas\u00e1\u017ee, saunov\u00e1n\u00ed anebo t\u0159eba pobyt ve v\u00ed\u0159iv\u00e9 van\u011b. To v\u0161e si samoz\u0159ejm\u011b m\u016f\u017eete vychutnat i ve v\u00edce lidech anebo t\u0159eba ve dvou v romantick\u00e9m z\u00e1\u017eitkov\u00e9m pod\u00e1n\u00ed. Nicm\u00e9n\u011b i jin\u00e9 slu\u017eby z nab\u00eddky zm\u00edn\u011bn\u00e9ho hotelu ve v\u00e1s jist\u011b zanechaj\u00ed ten nejlep\u0161\u00ed dojem. T\u0159eba pat\u0159\u00edte k t\u011bm, kte\u0159\u00ed vyhled\u00e1vaj\u00ed nezapomenuteln\u00e9 gastronomick\u00e9 z\u00e1\u017eitky. Zde se jim m\u016f\u017eete naplno oddat! A nez\u00e1le\u017e\u00ed na tom, zda se \u0159ad\u00edte k milovn\u00edk\u016fm zdej\u0161\u00edho vyhl\u00e1\u0161en\u00e9ho moravsk\u00e9ho v\u00edna anebo d\u00e1v\u00e1te p\u0159ednost pivu. V ka\u017ed\u00e9m p\u0159\u00edpad\u011b si p\u0159ijdete na sv\u00e9. A\u0165 u\u017e jde o pit\u00ed anebo o j\u00eddlo.   Prost\u0159ed\u00ed, kter\u00e9 v\u00e1s nabije novou energi\u00ed A rozhodn\u011b v\u00e1s nezklame nejen prost\u0159ed\u00ed hotelu a jeho ochotn\u00fd person\u00e1l, ale tak\u00e9 okol\u00ed. Ji\u017en\u00ed Morava m\u00e1 sv\u016fj typick\u00fd okouzluj\u00edc\u00ed krajinn\u00fd r\u00e1z. Bude se v\u00e1m jist\u011b l\u00edbit jak historick\u00e9 centrum Mikulova, tak rezervace P\u00e1lava, vinice \u010di bl\u00edzk\u00fd Lednicko-valtick\u00fd are\u00e1l s \u010detn\u00fdmi kulturn\u00edmi pam\u00e1tkami. A kdo by zatou\u017eil po velkom\u011bstsk\u00e9m \u017eivot\u011b, m\u016f\u017ee na n\u00e1v\u0161t\u011bvu zav\u00edtat i do bl\u00edzk\u00e9 V\u00eddn\u011b.                                                                                                                                                                                                                                                                                                                                                                                          4.7\/5 - (12 votes)        "},{"@context":"https:\/\/schema.org\/","@type":"BreadcrumbList","itemListElement":[{"@type":"ListItem","position":1,"name":"Ud\u011blejte si pauzu a vyrazte za odpo\u010dinkem do Mikulova!","item":"https:\/\/www.os-onyx.cz\/udelejte-si-pauzu-a-vyrazte-za-odpocinkem-do-mikulova\/#breadcrumbitem"}]}]