[{"@context":"https:\/\/schema.org\/","@type":"Article","@id":"https:\/\/www.os-onyx.cz\/vazme-si-nasi-doby\/#Article","mainEntityOfPage":"https:\/\/www.os-onyx.cz\/vazme-si-nasi-doby\/","headline":"Va\u017eme si na\u0161\u00ed doby","name":"Va\u017eme si na\u0161\u00ed doby","description":"Kdy\u017e byli m\u00ed rodi\u010de je\u0161t\u011b mlad\u00ed, nem\u011bli na r\u016f\u017e\u00edch ustl\u00e1no. Zejm\u00e9na za v\u00e1lky, kdy zely &hellip; ","datePublished":"2019-11-06","dateModified":"2023-05-30","author":{"@type":"Person","@id":"https:\/\/www.os-onyx.cz\/author\/devene\/#Person","name":"devene","url":"https:\/\/www.os-onyx.cz\/author\/devene\/","identifier":1,"image":{"@type":"ImageObject","@id":"https:\/\/secure.gravatar.com\/avatar\/046c8368865b87ac6ea06cde0e0a80b91304a43fe31de210702ad59bbd9a1974?s=96&d=mm&r=g","url":"https:\/\/secure.gravatar.com\/avatar\/046c8368865b87ac6ea06cde0e0a80b91304a43fe31de210702ad59bbd9a1974?s=96&d=mm&r=g","height":96,"width":96}},"publisher":{"@type":"Organization","name":"os-onyx.cz","logo":{"@type":"ImageObject","@id":"\/logo.png","url":"\/logo.png","width":600,"height":60}},"image":{"@type":"ImageObject","@id":"https:\/\/www.os-onyx.cz\/wp-content\/uploads\/img_a361967_w4227_t1575037648.jpg","url":"https:\/\/www.os-onyx.cz\/wp-content\/uploads\/img_a361967_w4227_t1575037648.jpg","height":0,"width":0},"url":"https:\/\/www.os-onyx.cz\/vazme-si-nasi-doby\/","about":["Zbo\u017e\u00ed"],"wordCount":481,"articleBody":"Kdy\u017e byli m\u00ed rodi\u010de je\u0161t\u011b mlad\u00ed, nem\u011bli na r\u016f\u017e\u00edch ustl\u00e1no. Zejm\u00e9na za v\u00e1lky, kdy zely obchody \u010dasto pr\u00e1zdnotou a i kdy\u017e se n\u011bco sehnalo, p\u0159\u00edd\u011bly nebyly nijak velk\u00e9 a dne\u0161n\u00ed generaci by sotva sta\u010dily na to, aby to n\u011bjak p\u0159etrp\u011bla. Jen\u017ee n\u011bjak se prost\u011b \u017e\u00edt muselo a tak se p\u0159e\u017eilo. V&nbsp;\u00fasporn\u00e9m re\u017eimu a tu a tam t\u0159eba i d\u00edky \u010dern\u00e9mu trhu, kter\u00fd ale nebyl pro ka\u017ed\u00e9ho.Kdy\u017e jsem pak byla mlad\u00e1 j\u00e1, bylo u\u017e l\u00edp.Ale ani za moj\u00ed generace to nebylo nic sv\u011btoborn\u00e9ho. Proto\u017ee j\u00edst bylo co, ale jinak si \u010dlov\u011bk nemohl zase a\u017e tak moc dop\u0159\u00e1vat. Kdy\u017e jsme cht\u011bli n\u011bco lep\u0161\u00edho, museli jsme do Tuzexu, jen\u017ee valuty nebo bony nem\u011bl jen tak n\u011bkdo, a i kdy\u017e se tyhle pouk\u00e1zky na \u0161t\u011bst\u00ed daly neofici\u00e1ln\u011b sehnat, v\u011bt\u0161ina n\u00e1s nevyd\u011bl\u00e1vala tolik, aby si je mohla hojn\u011b po\u0159izovat. A na trhu ur\u010den\u00e9m pro norm\u00e1ln\u00ed na\u0161ince byla \u010dasto nedostatkov\u00e1 i spousta zd\u00e1nliv\u011b oby\u010dejn\u00fdch v\u011bc\u00ed.Dne\u0161n\u00ed mlad\u00ed u\u017e se m\u016f\u017eou \u010dasto sm\u00e1t, \u017ee za n\u00e1s nebyly \u010dasto k&nbsp;sehn\u00e1n\u00ed t\u0159eba ani vlo\u017eky, ani toaletn\u00ed pap\u00edr, \u017ee byly luxusem pomeran\u010de, ban\u00e1ny a mandarinky. A \u017ee se n\u011bkdy nesehnal ani ztvrdl\u00fd v\u010derej\u0161\u00ed chleba nebo ml\u00e9ko v&nbsp;nejednou net\u011bsn\u00edc\u00edm pytl\u00edku. Ale kdyby tenkr\u00e1t dne\u0161n\u00ed mlad\u00ed \u017eili, velice rychle by je ten sm\u00edch p\u0159e\u0161el. A\u017e by st\u00e1li hodinov\u00e9 fronty na cokoliv, bez z\u00e1ruky, \u017ee se na n\u011b nakonec je\u0161t\u011b dostane, kdyby si na WC nosili natrhan\u00e9 noviny.A proto bychom si m\u011bli v\u00e1\u017eit toho, \u017ee dnes u\u017e jsou jin\u00e9 \u010dasy. Kdy si m\u016f\u017eeme koupit v\u0161echno, co je n\u00e1m pot\u0159eba, a kdy si dokonce v\u011bt\u0161inou m\u016f\u017eeme vyb\u00edrat. Proto\u017ee obchody jsou pln\u00e9 a ka\u017ed\u00fd z&nbsp;prodejc\u016f chce sv\u016fj tovar n\u011bkomu udat.Ale v\u00e1\u017e\u00edme si toho? A\u017e p\u0159\u00edli\u0161 \u010dasto ne. Stejn\u011b jako v&nbsp;minulosti nejsme ani dnes \u010dasto spokojen\u00ed. Zase brbl\u00e1me a nad\u00e1v\u00e1me. Jednou se n\u00e1m nel\u00edb\u00ed cena, jindy kvalita, n\u011bkdy t\u0159eba i oboj\u00ed.Co\u017e ale podle m\u011b nen\u00ed spr\u00e1vn\u00e9. Proto\u017ee dneska u\u017e m\u00e1me na v\u00fdb\u011br. A kdy\u017e se n\u00e1m n\u011bkde zbo\u017e\u00ed nel\u00edb\u00ed, m\u016f\u017eeme j\u00edt jinam. A rozhodn\u011b ne tam, kam n\u00e1s v&nbsp;minulosti pos\u00edlaly frustrovan\u00e9 prodava\u010dky ve chv\u00edl\u00edch, kdy\u017e musely odpov\u011bd\u011bt snad po miliont\u00e9 to obvykl\u00e9: &bdquo;Nem\u00e1me.&ldquo;                                                                                                                                                                                                                                                                                                                                                                                        4.5\/5 - (8 votes)        "},{"@context":"https:\/\/schema.org\/","@type":"BreadcrumbList","itemListElement":[{"@type":"ListItem","position":1,"name":"Va\u017eme si na\u0161\u00ed doby","item":"https:\/\/www.os-onyx.cz\/vazme-si-nasi-doby\/#breadcrumbitem"}]}]