[{"@context":"https:\/\/schema.org\/","@type":"Article","@id":"https:\/\/www.os-onyx.cz\/zabradli-ktere-bude-ladit\/#Article","mainEntityOfPage":"https:\/\/www.os-onyx.cz\/zabradli-ktere-bude-ladit\/","headline":"Z\u00e1bradl\u00ed, kter\u00e9 bude ladit","name":"Z\u00e1bradl\u00ed, kter\u00e9 bude ladit","description":"Samoz\u0159ejm\u011b tato na\u0161e zpr\u00e1va nen\u00ed jen pro V\u00e1s, kte\u0159\u00ed \u017eij\u00ed v rodinn\u00e9m dom\u011b nebo byt\u011b, &hellip; ","datePublished":"2022-02-04","dateModified":"2023-05-30","author":{"@type":"Person","@id":"https:\/\/www.os-onyx.cz\/author\/devene\/#Person","name":"devene","url":"https:\/\/www.os-onyx.cz\/author\/devene\/","identifier":1,"image":{"@type":"ImageObject","@id":"https:\/\/secure.gravatar.com\/avatar\/046c8368865b87ac6ea06cde0e0a80b91304a43fe31de210702ad59bbd9a1974?s=96&d=mm&r=g","url":"https:\/\/secure.gravatar.com\/avatar\/046c8368865b87ac6ea06cde0e0a80b91304a43fe31de210702ad59bbd9a1974?s=96&d=mm&r=g","height":96,"width":96}},"publisher":{"@type":"Organization","name":"os-onyx.cz","logo":{"@type":"ImageObject","@id":"\/logo.png","url":"\/logo.png","width":600,"height":60}},"image":{"@type":"ImageObject","@id":"https:\/\/www.os-onyx.cz\/wp-content\/uploads\/15130892150.jpg","url":"https:\/\/www.os-onyx.cz\/wp-content\/uploads\/15130892150.jpg","height":0,"width":0},"url":"https:\/\/www.os-onyx.cz\/zabradli-ktere-bude-ladit\/","about":["Zbo\u017e\u00ed"],"wordCount":418,"articleBody":"   Samoz\u0159ejm\u011b tato na\u0161e zpr\u00e1va nen\u00ed jen pro V\u00e1s, kte\u0159\u00ed \u017eij\u00ed v rodinn\u00e9m dom\u011b nebo byt\u011b, ale defacto pro kter\u00e9hokoliv \u010dten\u00e1\u0159e. A\u0165 u\u017e se jedn\u00e1 o majitele firmy, p\u0159edsedu nebo p\u0159edsedkyni bytov\u00e9ho dru\u017estva nebo t\u0159eba \u0159editele \u0161koly. Ka\u017ed\u00fd z n\u00e1s a mnoz\u00ed jist\u011b automaticky d\u011bl\u00e1 mnoho v\u011bc\u00ed, ka\u017ed\u00e9 r\u00e1no vstane, n\u011bkdy i p\u0159ed bud\u00ed\u010dkem, vykon\u00e1 svou rann\u00ed rutinu a zam\u00ed\u0159\u00ed do zam\u011bstn\u00e1n\u00ed nebo mlad\u0161\u00ed do \u0161koly. B\u011bhem t\u00e9to cesty pravd\u011bpodobn\u011b u\u017e d\u00e1vno vykon\u00e1te n\u00e1mi my\u0161lenou \u010dinnost, pokud vyu\u017eijete metro, vykon\u00e1te ji tak\u00e9 a v pr\u00e1ci na 80 % ur\u010dit\u011b tak\u00e9. A o jakou \u010dinnost se tedy jedn\u00e1? A co u n\u00ed vy\u017e\u00edv\u00e1te? Jedn\u00e1 se o ch\u016fzi po schodi\u0161ti a s n\u00ed spojen\u00e9 vyu\u017e\u00edv\u00e1n\u00ed z\u00e1bradl\u00ed na schodi\u0161t\u011b https:\/\/www.kmkdesign.cz\/zabradli. V dne\u0161n\u00ed dob\u011b u\u017e mnoho z n\u00e1s ani tuto rutinu nevn\u00edm\u00e1, ale pr\u00e1v\u011b z\u00e1bradl\u00ed na n\u00e1s lidi d\u011bl\u00e1 jeden z prvn\u00edch dojm\u016f p\u0159i vstoupen\u00ed do m\u00edstnosti. Prvn\u00ed dojem utvo\u0159\u00ed dve\u0159e, design m\u00edstnosti, p\u0159\u00edpadn\u011b obsluha na recepci, ale hned potom vyraz\u00edte po schodi\u0161ti nahoru a \u010deho se chyt\u00edte? Z\u00e1bradl\u00ed. Pokud si ale mysl\u00edte, \u017ee kdy\u017e mluv\u00edme o z\u00e1bradl\u00ed mysl\u00edme ta d\u0159eva s prohlubn\u00ed, tak se m\u00fdl\u00edte.Na\u0161e z\u00e1bradl\u00ed jsou modern\u00ed a skv\u011ble dopln\u00ed design libovoln\u00e9ho prost\u0159ed\u00ed, nez\u00e1le\u017e\u00ed na tom, zda se jedn\u00e1 o panelov\u00fd d\u016fm nebo novou firmu v centru m\u011bsta. V dne\u0161n\u00ed dob\u011b jsou v nab\u00eddce i z\u00e1bradl\u00ed ze skla, kter\u00e1 jsou nejen neobvykl\u00e1, ale daj\u00ed se vyu\u017e\u00edt i v exteri\u00e9ru i v interi\u00e9ru. Nebo m\u016f\u017eete zvolit p\u016fsobivou kombinaci skla ve spodn\u00ed \u010d\u00e1sti z\u00e1bradl\u00ed a naho\u0159e d\u0159evo. A pokud nejste fanou\u0161ek t\u00e9to kombinace, tak nezoufejte, l\u00edbit se V\u00e1m ur\u010dit\u011b bude z\u00e1bradl\u00ed z nerezov\u00e9 oceli, kter\u00e9 v kombinaci s \u0161ed\u00fdmi schody nebo tmav\u00fdm okoln\u00edm prost\u0159ed\u00ed naprosto vynikne. Pokud V\u00e1s ani tento n\u00e1vrh neoslovil, nezoufejte, na na\u0161em webu m\u016f\u017eete vyb\u00edrat z \u0161irok\u00e9 nab\u00eddky nejr\u016fzn\u011bj\u0161\u00edch z\u00e1bradl\u00ed na schodi\u0161t\u011b. Douf\u00e1me, \u017ee si z na\u0161\u00ed nab\u00eddky vyberete a budeme se t\u011b\u0161it na dal\u0161\u00ed kontakt.                                                                                                                                                                                                                                                                                                                                                                                          4\/5 - (6 votes)        "},{"@context":"https:\/\/schema.org\/","@type":"BreadcrumbList","itemListElement":[{"@type":"ListItem","position":1,"name":"Z\u00e1bradl\u00ed, kter\u00e9 bude ladit","item":"https:\/\/www.os-onyx.cz\/zabradli-ktere-bude-ladit\/#breadcrumbitem"}]}]